{"id":948,"date":"2026-07-13T03:12:00","date_gmt":"2026-07-13T01:12:00","guid":{"rendered":"http:\/\/careox-demo.local\/your-donation-their-joy-and-hope-copy\/"},"modified":"2026-08-31T14:40:54","modified_gmt":"2026-08-31T12:40:54","slug":"projekt-pokoj-bezpiecznych-relacji","status":"publish","type":"post","link":"https:\/\/fundacjakorale.org\/?p=948","title":{"rendered":"Projekt \u201ePok\u00f3j bezpiecznych relacji&#8221;"},"content":{"rendered":"\n<p class=\"blog-details__text wp-block-paragraph\">13 lipca 2026 r. podpisali\u015bmy z Mazowieck\u0105 Jednostk\u0105 Wdra\u017cania Program\u00f3w Unijnych umow\u0119 o dofinansowanie projektu \u201ePok\u00f3j bezpiecznych relacji&#8221;<\/p>\n\n\n\n<p class=\"wp-block-paragraph\"><strong>Warto\u015b\u0107 projektu:<\/strong> 618 812,50 z\u0142<br><strong>Dofinansowanie:<\/strong> 578 762,50 z\u0142 z Funduszy Europejskich dla Mazowsza 2021\u20132027 w ramach Europejskiego Funduszu Spo\u0142ecznego Plus (EFS+)<br><strong>Projekt b\u0119dzie realizowany:<\/strong> w okresie od 1 lipca 2026 r. \u2013 30 czerwca 2028 r.<\/p>\n\n\n\n<p class=\"blog-details__text wp-block-paragraph\">&nbsp;Celem projektu jest wsparcie rodzin prze\u017cywaj\u0105cych kryzys poprzez stworzenie bezpiecznej przestrzeni do kontakt\u00f3w rodzic\u00f3w z dzie\u0107mi oraz odbudow\u0119 kompetencji opieku\u0144czo-wychowawczych. Pomoc skierowana b\u0119dzie do rodzic\u00f3w, kt\u00f3rzy utracili b\u0105d\u017a mog\u0105 utraci\u0107 mo\u017cliwo\u015b\u0107 sprawowania opieki nad dzie\u0107mi, a tak\u017ce do dzieci i m\u0142odzie\u017cy z trudno\u015bciami emocjonalnymi i psychologicznymi.<\/p>\n\n\n\n<p class=\"has-text-align-left wp-block-paragraph\">Projekt obejmie co najmniej 100 os\u00f3b z 40 rodzin zamieszkuj\u0105cych <a href=\"https:\/\/l.facebook.com\/l.php?u=http%3A%2F%2Fm.st%2F%3Ffbclid%3DIwcGRvZgVleHRuA2FlbQIxMABicmlkETFpazlKMXBPT0FBNkIyN0FSc3J0YwZhcHBfaWQQMjIyMDM5MTc4ODIwMDg5MgABHrXU-zog7v3Zjcd8ML1da_vMRD44RzSVfATIsqn1600i-Gb2pkgtS3CHYMA7_aem_W6R6wlHZhrfLC6xnD6Xxhw&amp;h=AUD6zmOCX5Jurq4Fn65snsNtu6xNPUY7kRrncvsxIBg5mnMdVKNQqG8jfXDerzIiLWPvpiG1VmKb4fWURAfiSiQvh5VlrkMAtDLHRVg7RI-ykOaRqihOKzDpO9WSQNk_ngB795aYjxILLQW5hZLhsdGns3qIPH-p&amp;__tn__=-UK-R&amp;c[0]=AUDHkPEPBU68uDGF-uikXBDh7xY67reN9qSIhg8v6YKvyCUzlP1QfFBrxQt9-ZBM0n9EgGq9x8W-O4hX4O6uq8u-Hj4DeB1Bxe9H_5zcYQQGI7tfTBE9u6wcDVPT9vBjeaAolzvQSoxSU9LPUu5S9JjUvIftCXS5mErm3exnwtwz2A-cEWOm7lNpofu7maHSAVu6FxEL66niYvsB4FBc-PjyPg\" target=\"_blank\" rel=\"noopener\">m.st.<\/a> Warszaw\u0119 oraz powiaty o\u015bcienne.<br>Wierzymy, \u017ce dzi\u0119ki temu wsparciu wiele rodzin otrzyma realn\u0105 szans\u0119 na odbudow\u0119 relacji i bezpieczn\u0105 przysz\u0142o\u015b\u0107.<br><\/p>\n\n\n\n<p class=\"has-text-align-center wp-block-paragraph\"><img decoding=\"async\" width=\"650\" height=\"54\" class=\"wp-image-2118\" style=\"width: 650px;\" src=\"https:\/\/fundacjakorale.org\/wp-content\/uploads\/2024\/06\/774834967_1437121625114570_1324421457276670740_n.jpg\" alt=\"\" srcset=\"https:\/\/fundacjakorale.org\/wp-content\/uploads\/2024\/06\/774834967_1437121625114570_1324421457276670740_n.jpg 920w, https:\/\/fundacjakorale.org\/wp-content\/uploads\/2024\/06\/774834967_1437121625114570_1324421457276670740_n-300x25.jpg 300w, https:\/\/fundacjakorale.org\/wp-content\/uploads\/2024\/06\/774834967_1437121625114570_1324421457276670740_n-768x64.jpg 768w, https:\/\/fundacjakorale.org\/wp-content\/uploads\/2024\/06\/774834967_1437121625114570_1324421457276670740_n-570x48.jpg 570w\" sizes=\"(max-width: 650px) 100vw, 650px\" \/><\/p>\n\n\n\n<p class=\"wp-block-paragraph\"><\/p>\n","protected":false},"excerpt":{"rendered":"<p>13 lipca 2026 r. podpisali\u015bmy z Mazowieck\u0105 Jednostk\u0105 Wdra\u017cania Program\u00f3w Unijnych umow\u0119 o dofinansowanie projektu \u201ePok\u00f3j bezpiecznych relacji&#8221; Warto\u015b\u0107 projektu: 618 812,50 z\u0142Dofinansowanie: 578 762,50 z\u0142 z Funduszy Europejskich dla Mazowsza 2021\u20132027 w ramach Europejskiego Funduszu Spo\u0142ecznego Plus (EFS+)Projekt b\u0119dzie realizowany: w okresie od 1 lipca 2026 r. \u2013 30 czerwca 2028 r. &nbsp;Celem projektu [&hellip;]<\/p>\n","protected":false},"author":1,"featured_media":2120,"comment_status":"closed","ping_status":"closed","sticky":false,"template":"","format":"standard","meta":{"give_campaign_id":0,"footnotes":""},"categories":[17,52],"tags":[],"class_list":["post-948","post","type-post","status-publish","format-standard","has-post-thumbnail","hentry","category-bezplatne","category-projekt"],"_links":{"self":[{"href":"https:\/\/fundacjakorale.org\/index.php?rest_route=\/wp\/v2\/posts\/948","targetHints":{"allow":["GET"]}}],"collection":[{"href":"https:\/\/fundacjakorale.org\/index.php?rest_route=\/wp\/v2\/posts"}],"about":[{"href":"https:\/\/fundacjakorale.org\/index.php?rest_route=\/wp\/v2\/types\/post"}],"author":[{"embeddable":true,"href":"https:\/\/fundacjakorale.org\/index.php?rest_route=\/wp\/v2\/users\/1"}],"replies":[{"embeddable":true,"href":"https:\/\/fundacjakorale.org\/index.php?rest_route=%2Fwp%2Fv2%2Fcomments&post=948"}],"version-history":[{"count":2,"href":"https:\/\/fundacjakorale.org\/index.php?rest_route=\/wp\/v2\/posts\/948\/revisions"}],"predecessor-version":[{"id":2124,"href":"https:\/\/fundacjakorale.org\/index.php?rest_route=\/wp\/v2\/posts\/948\/revisions\/2124"}],"wp:featuredmedia":[{"embeddable":true,"href":"https:\/\/fundacjakorale.org\/index.php?rest_route=\/wp\/v2\/media\/2120"}],"wp:attachment":[{"href":"https:\/\/fundacjakorale.org\/index.php?rest_route=%2Fwp%2Fv2%2Fmedia&parent=948"}],"wp:term":[{"taxonomy":"category","embeddable":true,"href":"https:\/\/fundacjakorale.org\/index.php?rest_route=%2Fwp%2Fv2%2Fcategories&post=948"},{"taxonomy":"post_tag","embeddable":true,"href":"https:\/\/fundacjakorale.org\/index.php?rest_route=%2Fwp%2Fv2%2Ftags&post=948"}],"curies":[{"name":"wp","href":"https:\/\/api.w.org\/{rel}","templated":true}]}}