{"id":945,"date":"2025-06-12T03:08:16","date_gmt":"2025-06-12T01:08:16","guid":{"rendered":"http:\/\/careox-demo.local\/providing-hope-for-disadvantaged-children-copy\/"},"modified":"2026-08-31T19:15:04","modified_gmt":"2026-08-31T17:15:04","slug":"odzyskac-dziecko","status":"publish","type":"post","link":"https:\/\/fundacjakorale.org\/?p=945","title":{"rendered":"Odzyska\u0107 dziecko"},"content":{"rendered":"\n<p class=\"blog-details__text wp-block-paragraph\">Jest to sztandarowy program Fundacji, realizowany ju\u017c od 10 lat. Dzi\u0119ki niemu ponad 100 dzieci wr\u00f3ci\u0142o do swoich biologicznych dom\u00f3w pod opiek\u0119 trze\u017awych, wyszkolonych rodzic\u00f3w i unikn\u0119\u0142y roz\u0142\u0105ki z rodzin\u0105. Program jest skierowany do rodzic\u00f3w, kt\u00f3rzy nie s\u0105 w stanie sprawowa\u0107 opieki nad swoimi dzie\u0107mi. Zesp\u00f3\u0142 specjalist\u00f3w przez okres od roku do dw\u00f3ch poprzez spotkania indywidualne, warsztaty, diagnoz\u0119 systemy rodzinnego pomaga rodzinom wyj\u015b\u0107 z kryzysu, w kt\u00f3rym si\u0119 znajduj\u0105, a dzieciom powr\u00f3ci\u0107 do bezpiecznych dom\u00f3w. Wsp\u00f3\u0142pracujemy z ca\u0142ym systemem pomocy.<\/p>\n\n\n\n<p class=\"wp-block-paragraph\"><strong>Program \u201eodzyska\u0107 dziecko\u201d jest stworzony po to, by jak najwi\u0119cej dzieci mog\u0142o dorasta\u0107 ze swoimi bliskimi.<\/strong><\/p>\n\n\n\n<p class=\"wp-block-paragraph\"><strong>Program oparty jest na 3 filarach:<\/strong><\/p>\n\n\n\n<p class=\"wp-block-paragraph\"><strong>Zmianie<\/strong>, kt\u00f3ra musi zaj\u015b\u0107 w rodzicach i w domu z kt\u00f3rego dziecko zosta\u0142o zabrane lub jest zagro\u017cone odebraniem<\/p>\n\n\n\n<p class=\"wp-block-paragraph\"><strong>Edukacji<\/strong>, szkoleniach kt\u00f3re musz\u0105 podj\u0105\u0107 rodzice, mamy \u2013 prowadzimy 9 cykli szkoleniowych<\/p>\n\n\n\n<p class=\"wp-block-paragraph\"><strong>Wsp\u00f3\u0142pracy<\/strong>, rodzic wraz z nami musi podj\u0105\u0107 wsp\u00f3\u0142prac\u0119, na tyle na ile jest to mo\u017cliwe, z innymi specjalistami i instytucjami takimi jak: terapeuci, wychowawcy, pracownicy socjalni, asystenci rodzin, kuratorzy sadowi oraz z domami dziecka, rodzinami zast\u0119pczymi, PCPRami, WCPRem itp. Do programu nie s\u0105 przyj\u0119te osoby: maj\u0105ce sprawy karne wobec nadu\u017cy\u0107 dzieci w post\u0119powaniu s\u0105dowym lub prokuratorskim. Osoby, kt\u00f3re straci\u0142y dzieci po raz kolejny oraz osoby z niepe\u0142nosprawno\u015bci\u0105 intelektualn\u0105 uniemo\u017cliwiaj\u0105ca im pe\u0142nienie funkcji rodzicielskich. Ponadto w wyj\u0105tkowych sytuacjach zesp\u00f3\u0142 specjalist\u00f3w fundacji mo\u017ce podj\u0105\u0107 decyzj\u0119 o nieprzyj\u0119ciu do programu.<\/p>\n\n\n\n<p class=\"blog-details__text wp-block-paragraph\">\u00a0<em>Zadanie dofinansowane ze \u015brodk\u00f3w z bud\u017cetu Wojew\u00f3dztwa Mazowieckiego.<\/em><\/p>\n\n\n<div class=\"wp-block-image\">\n<figure class=\"aligncenter size-full\"><img decoding=\"async\" width=\"300\" height=\"78\" src=\"https:\/\/fundacjakorale.org\/wp-content\/uploads\/2024\/06\/Obraz2.png\" alt=\"\" class=\"wp-image-2178\"\/><\/figure>\n<\/div>\n\n<div class=\"wp-block-image\">\n<figure class=\"aligncenter size-full\"><img decoding=\"async\" width=\"300\" height=\"79\" src=\"https:\/\/fundacjakorale.org\/wp-content\/uploads\/2024\/06\/Obraz3.png\" alt=\"\" class=\"wp-image-2179\"\/><\/figure>\n<\/div>","protected":false},"excerpt":{"rendered":"<p>Jest to sztandarowy program Fundacji, realizowany ju\u017c od 10 lat. Dzi\u0119ki niemu ponad 100 dzieci wr\u00f3ci\u0142o do swoich biologicznych dom\u00f3w pod opiek\u0119 trze\u017awych, wyszkolonych rodzic\u00f3w i unikn\u0119\u0142y roz\u0142\u0105ki z rodzin\u0105. Program jest skierowany do rodzic\u00f3w, kt\u00f3rzy nie s\u0105 w stanie sprawowa\u0107 opieki nad swoimi dzie\u0107mi. Zesp\u00f3\u0142 specjalist\u00f3w przez okres od roku do dw\u00f3ch poprzez spotkania [&hellip;]<\/p>\n","protected":false},"author":1,"featured_media":2176,"comment_status":"closed","ping_status":"open","sticky":false,"template":"","format":"standard","meta":{"give_campaign_id":0,"footnotes":""},"categories":[17,52],"tags":[],"class_list":["post-945","post","type-post","status-publish","format-standard","has-post-thumbnail","hentry","category-bezplatne","category-projekt"],"_links":{"self":[{"href":"https:\/\/fundacjakorale.org\/index.php?rest_route=\/wp\/v2\/posts\/945","targetHints":{"allow":["GET"]}}],"collection":[{"href":"https:\/\/fundacjakorale.org\/index.php?rest_route=\/wp\/v2\/posts"}],"about":[{"href":"https:\/\/fundacjakorale.org\/index.php?rest_route=\/wp\/v2\/types\/post"}],"author":[{"embeddable":true,"href":"https:\/\/fundacjakorale.org\/index.php?rest_route=\/wp\/v2\/users\/1"}],"replies":[{"embeddable":true,"href":"https:\/\/fundacjakorale.org\/index.php?rest_route=%2Fwp%2Fv2%2Fcomments&post=945"}],"version-history":[{"count":1,"href":"https:\/\/fundacjakorale.org\/index.php?rest_route=\/wp\/v2\/posts\/945\/revisions"}],"predecessor-version":[{"id":2180,"href":"https:\/\/fundacjakorale.org\/index.php?rest_route=\/wp\/v2\/posts\/945\/revisions\/2180"}],"wp:featuredmedia":[{"embeddable":true,"href":"https:\/\/fundacjakorale.org\/index.php?rest_route=\/wp\/v2\/media\/2176"}],"wp:attachment":[{"href":"https:\/\/fundacjakorale.org\/index.php?rest_route=%2Fwp%2Fv2%2Fmedia&parent=945"}],"wp:term":[{"taxonomy":"category","embeddable":true,"href":"https:\/\/fundacjakorale.org\/index.php?rest_route=%2Fwp%2Fv2%2Fcategories&post=945"},{"taxonomy":"post_tag","embeddable":true,"href":"https:\/\/fundacjakorale.org\/index.php?rest_route=%2Fwp%2Fv2%2Ftags&post=945"}],"curies":[{"name":"wp","href":"https:\/\/api.w.org\/{rel}","templated":true}]}}