{"id":938,"date":"2020-12-05T03:02:47","date_gmt":"2020-12-05T02:02:47","guid":{"rendered":"http:\/\/careox-demo.local\/transforming-lives-with-your-donation-copy\/"},"modified":"2026-08-31T19:19:32","modified_gmt":"2026-08-31T17:19:32","slug":"praski-kokon","status":"publish","type":"post","link":"https:\/\/fundacjakorale.org\/?p=938","title":{"rendered":"Praski kokon"},"content":{"rendered":"\n<p class=\"blog-details__text wp-block-paragraph\">Projekt pn.&nbsp;<strong>\u201ePraski kokon\u201d<\/strong>&nbsp;realizowany jest w ramach Programu Operacyjnego Wiedza Edukacja Rozw\u00f3j 2014-2020 wsp\u00f3\u0142finansowanego ze \u015brodk\u00f3w Europejskiego Funduszu Spo\u0142ecznego<\/p>\n\n\n\n<p class=\"wp-block-paragraph\"><strong>Informacje dotycz\u0105ce projektu:<\/strong><\/p>\n\n\n\n<p class=\"wp-block-paragraph\">Warto\u015b\u0107 ca\u0142kowita projektu: 1&nbsp;927&nbsp;860,00 PLN<br>Warto\u015b\u0107 dofinansowania: 1&nbsp;869&nbsp;524,70 PLN<br>\u0179r\u00f3d\u0142o dofinansowania: Europejski Fundusz Spo\u0142eczny<br>Program Operacyjny: Wiedza Edukacja Rozw\u00f3j 2014-2020<\/p>\n\n\n\n<p class=\"wp-block-paragraph\">Priorytet: IV. Innowacje spo\u0142eczne i wsp\u00f3\u0142praca ponadnarodowa<br>Dzia\u0142anie: 4.1 Innowacje spo\u0142eczne<br>Planowany okres realizacji projektu: 03.04.2017 \u2013 31.12.2019<br>Jednostka realizuj\u0105ca projekt: miasto sto\u0142eczne Warszawa\/ Biuro Pomocy i Projekt\u00f3w Spo\u0142ecznych<\/p>\n\n\n\n<p class=\"wp-block-paragraph\"><strong>Partnerzy w projekcie:<\/strong><br>\u2013 Stowarzyszenie Centrum Wspierania Aktywno\u015bci Lokalnej CAL<br>\u2013 Fundacja Wspierania Rodzin \u201eKorale\u201d<br>\u2013 Stowarzyszenie Otwarte Drzwi<\/p>\n\n\n\n<p class=\"wp-block-paragraph\"><strong>Opis dzia\u0142ania:<\/strong><\/p>\n\n\n\n<p class=\"wp-block-paragraph\">Celem projektu jest wypracowanie zintegrowanego kompleksowego modelu przeciwdzia\u0142ania wykluczeniu biedy, wspieraj\u0105cego ca\u0142\u0105 rodzin\u0119 w jej najbli\u017cszym s\u0105siedztwie, kt\u00f3ry zak\u0142ada wsp\u00f3\u0142prac\u0119 lokalnych podmiot\u00f3w i koordynacj\u0119 dzia\u0142a\u0144.<\/p>\n\n\n\n<p class=\"wp-block-paragraph\"><strong>Rezultatami projektu b\u0119d\u0105:<\/strong><\/p>\n\n\n\n<p class=\"wp-block-paragraph\">\u2013 model, na kt\u00f3ry z\u0142o\u017c\u0105 si\u0119 opracowane programy i wytyczne oraz rekomendacje<br>\u2013 wzrost potencja\u0142u jst i ngo, dzia\u0142aj\u0105cych na rzecz os\u00f3b wykluczonych i zagro\u017conych wykluczeniem spo\u0142ecznym<br>\u2013 wzrost wsp\u00f3\u0142pracy mi\u0119dzysektorowej<br>\u2013 zmniejszenie liczby dzieci kierowanych do pieczy zast\u0119pczej<\/p>\n\n\n\n<p class=\"wp-block-paragraph\"><strong>Grup\u0119 docelow\u0105 stanowi\u0107 b\u0119d\u0105:<\/strong><\/p>\n\n\n\n<p class=\"wp-block-paragraph\">\u2013 rodziny o dziedziczonej formie ub\u00f3stwa wraz z ich najbli\u017cszym s\u0105siedztwem, z koncentracj\u0105 uwagi na dzieciach i m\u0142odzie\u017cy<br>\u2013 jst, jej podmioty i pracownicy z obszaru pomocy spo\u0142ecznej i edukacji<br>\u2013 ngo \u015bwiadcz\u0105ce dzia\u0142ania na rzecz os\u00f3b wykluczonych i zagro\u017conych wykluczeniem spo\u0142ecznym.<\/p>\n\n\n\n<p class=\"wp-block-paragraph\">W ramach projektu zak\u0142ada si\u0119 przeprowadzenie pog\u0142\u0119bionej diagnozy terytorium, wypracowanie modelu w \u015bcis\u0142ej wsp\u00f3\u0142pracy z przedstawicielami odbiorc\u00f3w (empowerment), przetestowanie i upowszechnienie modelu, a nast\u0119pnie w\u0142\u0105czenie modelu do polityki i praktyki na poziomie lokalnym.<\/p>\n\n\n\n<p class=\"blog-details__text wp-block-paragraph\">Model b\u0119dzie opracowany i testowany na obszarze zdegradowanym spo\u0142ecznie i fizycznie na terenie wielkiej aglomeracji miejskiej, na kt\u00f3rym wyst\u0119puje koncentracja ub\u00f3stwa oraz negatywnych zjawisk, transmitowanych na nast\u0119pne pokolenia. To dzielnica Praga-P\u00f3\u0142noc, podobszar Nowa Praga, obejmuj\u0105cy nast\u0119puj\u0105cy kwarta\u0142 ulic: Wile\u0144ska, Targowa, 11 Listopada, Stalowa, Czynszowa (z ulicami In\u017cyniersk\u0105, Zaokopow\u0105, \u015arodkow\u0105 na odcinkach od Stalowej do Wile\u0144skiej).<\/p>\n\n\n<div class=\"wp-block-image\">\n<figure class=\"aligncenter size-large\"><img fetchpriority=\"high\" decoding=\"async\" width=\"1024\" height=\"202\" src=\"https:\/\/fundacjakorale.org\/wp-content\/uploads\/2020\/12\/Obraz3-1024x202.jpg\" alt=\"\" class=\"wp-image-2203\" srcset=\"https:\/\/fundacjakorale.org\/wp-content\/uploads\/2020\/12\/Obraz3-1024x202.jpg 1024w, https:\/\/fundacjakorale.org\/wp-content\/uploads\/2020\/12\/Obraz3-1536x303.jpg 1536w, https:\/\/fundacjakorale.org\/wp-content\/uploads\/2020\/12\/Obraz3-765x151.jpg 765w, https:\/\/fundacjakorale.org\/wp-content\/uploads\/2020\/12\/Obraz3-300x59.jpg 300w, https:\/\/fundacjakorale.org\/wp-content\/uploads\/2020\/12\/Obraz3-567x112.jpg 567w, https:\/\/fundacjakorale.org\/wp-content\/uploads\/2020\/12\/Obraz3.jpg 1950w\" sizes=\"(max-width: 1024px) 100vw, 1024px\" \/><\/figure>\n<\/div>\n\n\n<p class=\"wp-block-paragraph\"><strong>Odbiorcy wypracowywanego modelu:<\/strong><\/p>\n\n\n\n<p class=\"wp-block-paragraph\">\u2013 rodziny z problemami opieku\u0144czo-wychowawczymi o dziedziczonej formie ub\u00f3stwa wraz z ich najbli\u017cszym s\u0105siedztwem<br>\u2013 podmioty samorz\u0105dowe (dzia\u0142aj\u0105ce w sektorze pomocy spo\u0142ecznej i edukacji ) oraz organizacje pozarz\u0105dowe dzia\u0142aj\u0105ce w sferze integracji spo\u0142ecznej&nbsp; i aktywizacji zawodowej<\/p>\n\n\n\n<p class=\"wp-block-paragraph\">W ramach pierwszej fazy projektu \u201ePraski kokon\u201d przeprowadzono diagnoz\u0119 potencja\u0142u \u015brodowiska lokalnego Nowej Pragi oraz wypracowano Model Przeciwdzia\u0142ania Dziedziczeniu Biedy (Model PDB). W efekcie tych prac powsta\u0142y nast\u0119puj\u0105ce produkty:<\/p>\n\n\n\n<ol start=\"1\" class=\"wp-block-list\">\n<li>Diagnoza \u015brodowiskowa i instytucjonalna potencja\u0142u \u015brodowiska lokalnego cz\u0119\u015bci Dzielnicy Praga-P\u00f3\u0142noc w ramach projektu \u201ePraski kokon\u201d.<\/li>\n\n\n\n<li>Model Przeciwdzia\u0142ania Dziedziczeniu Biedy (Model PDB) wraz z nast\u0119puj\u0105cymi za\u0142\u0105cznikami:\n<ol start=\"1\" class=\"wp-block-list\">\n<li>Standard Lokalnego Systemu Wsparcia Praski Kokon,<\/li>\n\n\n\n<li>Rekomendacje dotycz\u0105ce wsp\u00f3\u0142pracy asystenta rodzin i organizacji pozarz\u0105dowych na rzecz rodziny z trudno\u015bciami opieku\u0144czo \u2013 wychowawczymi (wraz z dwoma za\u0142\u0105cznikami),<\/li>\n\n\n\n<li>Akademia Rozwoju Talent\u00f3w,<\/li>\n\n\n\n<li>Poradnik dla specjalist\u00f3w \u2013 jak pracowa\u0107 z rodzicami programem \u201eOdzyska\u0107 dziecko\u201d,<\/li>\n\n\n\n<li>Poradnik Rodziny Wspieraj\u0105ce,<\/li>\n\n\n\n<li>Za\u0142\u0105czniki do Edukacji Rodzinnej,<\/li>\n\n\n\n<li>Za\u0142\u0105czniki do Animacji Samopomocy S\u0105siedzkiej.<\/li>\n<\/ol>\n<\/li>\n<\/ol>\n","protected":false},"excerpt":{"rendered":"<p>Projekt pn.&nbsp;\u201ePraski kokon\u201d&nbsp;realizowany jest w ramach Programu Operacyjnego Wiedza Edukacja Rozw\u00f3j 2014-2020 wsp\u00f3\u0142finansowanego ze \u015brodk\u00f3w Europejskiego Funduszu Spo\u0142ecznego Informacje dotycz\u0105ce projektu: Warto\u015b\u0107 ca\u0142kowita projektu: 1&nbsp;927&nbsp;860,00 PLNWarto\u015b\u0107 dofinansowania: 1&nbsp;869&nbsp;524,70 PLN\u0179r\u00f3d\u0142o dofinansowania: Europejski Fundusz Spo\u0142ecznyProgram Operacyjny: Wiedza Edukacja Rozw\u00f3j 2014-2020 Priorytet: IV. Innowacje spo\u0142eczne i wsp\u00f3\u0142praca ponadnarodowaDzia\u0142anie: 4.1 Innowacje spo\u0142ecznePlanowany okres realizacji projektu: 03.04.2017 \u2013 31.12.2019Jednostka realizuj\u0105ca [&hellip;]<\/p>\n","protected":false},"author":1,"featured_media":2204,"comment_status":"closed","ping_status":"open","sticky":false,"template":"","format":"standard","meta":{"give_campaign_id":0,"footnotes":""},"categories":[17,52],"tags":[],"class_list":["post-938","post","type-post","status-publish","format-standard","has-post-thumbnail","hentry","category-bezplatne","category-projekt"],"_links":{"self":[{"href":"https:\/\/fundacjakorale.org\/index.php?rest_route=\/wp\/v2\/posts\/938","targetHints":{"allow":["GET"]}}],"collection":[{"href":"https:\/\/fundacjakorale.org\/index.php?rest_route=\/wp\/v2\/posts"}],"about":[{"href":"https:\/\/fundacjakorale.org\/index.php?rest_route=\/wp\/v2\/types\/post"}],"author":[{"embeddable":true,"href":"https:\/\/fundacjakorale.org\/index.php?rest_route=\/wp\/v2\/users\/1"}],"replies":[{"embeddable":true,"href":"https:\/\/fundacjakorale.org\/index.php?rest_route=%2Fwp%2Fv2%2Fcomments&post=938"}],"version-history":[{"count":3,"href":"https:\/\/fundacjakorale.org\/index.php?rest_route=\/wp\/v2\/posts\/938\/revisions"}],"predecessor-version":[{"id":2205,"href":"https:\/\/fundacjakorale.org\/index.php?rest_route=\/wp\/v2\/posts\/938\/revisions\/2205"}],"wp:featuredmedia":[{"embeddable":true,"href":"https:\/\/fundacjakorale.org\/index.php?rest_route=\/wp\/v2\/media\/2204"}],"wp:attachment":[{"href":"https:\/\/fundacjakorale.org\/index.php?rest_route=%2Fwp%2Fv2%2Fmedia&parent=938"}],"wp:term":[{"taxonomy":"category","embeddable":true,"href":"https:\/\/fundacjakorale.org\/index.php?rest_route=%2Fwp%2Fv2%2Fcategories&post=938"},{"taxonomy":"post_tag","embeddable":true,"href":"https:\/\/fundacjakorale.org\/index.php?rest_route=%2Fwp%2Fv2%2Ftags&post=938"}],"curies":[{"name":"wp","href":"https:\/\/api.w.org\/{rel}","templated":true}]}}